{"id":324,"date":"2026-03-07T11:39:48","date_gmt":"2026-03-07T10:39:48","guid":{"rendered":"https:\/\/messaje-international.com\/belgique\/?p=324"},"modified":"2026-03-16T17:12:15","modified_gmt":"2026-03-16T16:12:15","slug":"prochainement-en-2026","status":"publish","type":"post","link":"https:\/\/messaje-international.com\/belgique\/2026\/03\/07\/prochainement-en-2026\/","title":{"rendered":"Prochainement en 2026&#8230;"},"content":{"rendered":"\n<p>2 matin\u00e9es \u00ab\u00a0Ascension-Pentec\u00f4te\u00a0\u00bb vont \u00eatre organis\u00e9es au mois de mai dans l\u2019UP St Benoit (Li\u00e8ge)<\/p>\n\n\n\n<p>Initialement pr\u00e9vue \u00e0 J\u00e9rusalem, mais report\u00e9e du fait de la guerre,\u00a0<a href=\"https:\/\/messaje-international.com\/belgique\/2026\/03\/16\/vivre-la-passion-selon-saint-jean-pendant-la-semaine-sainte\/\">une session sur la Passion selon St Jean<\/a>\u00a0va \u00eatre organis\u00e9e\u00a0 \u00e0 l\u2019abbaye de Brialmont (pr\u00e8s de Li\u00e8ge) du lundi 30 mars \u00e0 15h au jeudi 2 avril \u00e0 14h30<\/p>\n\n\n\n<p><\/p>\n","protected":false},"excerpt":{"rendered":"<p>2 matin\u00e9es \u00ab\u00a0Ascension-Pentec\u00f4te\u00a0\u00bb vont \u00eatre organis\u00e9es au mois de mai dans l\u2019UP St Benoit (Li\u00e8ge) Initialement pr\u00e9vue \u00e0 J\u00e9rusalem, mais report\u00e9e du fait de la guerre,\u00a0une session sur la Passion selon St Jean\u00a0va \u00eatre&#46;&#46;&#46;<\/p>\n","protected":false},"author":1,"featured_media":0,"comment_status":"closed","ping_status":"closed","sticky":false,"template":"","format":"standard","meta":{"footnotes":""},"categories":[1],"tags":[5],"class_list":["post-324","post","type-post","status-publish","format-standard","hentry","category-non-classe","tag-sommaire"],"_links":{"self":[{"href":"https:\/\/messaje-international.com\/belgique\/wp-json\/wp\/v2\/posts\/324","targetHints":{"allow":["GET"]}}],"collection":[{"href":"https:\/\/messaje-international.com\/belgique\/wp-json\/wp\/v2\/posts"}],"about":[{"href":"https:\/\/messaje-international.com\/belgique\/wp-json\/wp\/v2\/types\/post"}],"author":[{"embeddable":true,"href":"https:\/\/messaje-international.com\/belgique\/wp-json\/wp\/v2\/users\/1"}],"replies":[{"embeddable":true,"href":"https:\/\/messaje-international.com\/belgique\/wp-json\/wp\/v2\/comments?post=324"}],"version-history":[{"count":2,"href":"https:\/\/messaje-international.com\/belgique\/wp-json\/wp\/v2\/posts\/324\/revisions"}],"predecessor-version":[{"id":426,"href":"https:\/\/messaje-international.com\/belgique\/wp-json\/wp\/v2\/posts\/324\/revisions\/426"}],"wp:attachment":[{"href":"https:\/\/messaje-international.com\/belgique\/wp-json\/wp\/v2\/media?parent=324"}],"wp:term":[{"taxonomy":"category","embeddable":true,"href":"https:\/\/messaje-international.com\/belgique\/wp-json\/wp\/v2\/categories?post=324"},{"taxonomy":"post_tag","embeddable":true,"href":"https:\/\/messaje-international.com\/belgique\/wp-json\/wp\/v2\/tags?post=324"}],"curies":[{"name":"wp","href":"https:\/\/api.w.org\/{rel}","templated":true}]}}